{"id":3346,"date":"2020-08-28T12:53:43","date_gmt":"2020-08-28T12:53:43","guid":{"rendered":"https:\/\/hortisfera.es\/?p=3346"},"modified":"2020-08-28T13:03:52","modified_gmt":"2020-08-28T13:03:52","slug":"fepex-solicita-al-gobierno-el-reconocimiento-de-las-flores-y-plantas-como-productos-de-primera-necesidad","status":"publish","type":"post","link":"https:\/\/hortisfera.es\/en\/fepex-solicita-al-gobierno-el-reconocimiento-de-las-flores-y-plantas-como-productos-de-primera-necesidad\/","title":{"rendered":"FEPEX solicita al Gobierno el reconocimiento de las flores y plantas como productos de primera necesidad"},"content":{"rendered":"<section>\n<div class=\"container\">\n<div class=\"row\">\n<div class=\"col-md-12\">\n<div class=\"row\">\n<div class=\"col-md-9 col-sm-8 article-container\">\n<div class=\"gv-news-content\">\n<p>La grave crisis sufrida por el sector productor de flores y plantas durante el estado de alarma ha puesto de manifiesto la confirmaci\u00f3n del canal de la gran distribuci\u00f3n en el mercado nacional, donde algunas cadenas han podido confirmar el inter\u00e9s de <strong>incluir las flores y plantas en su gama de productos de primera necesidad<\/strong>, as\u00ed como el de la gran distribuci\u00f3n y del retail organizado internacional donde se reconoce mayoritariamente a la flor y planta espa\u00f1ola como producto de alta calidad.<\/p>\n<p>Desgraciadamente y de una forma muy intensa, esta crisis tambi\u00e9n ha puesto de relieve algunas de las principales debilidades a las que el sector tiene que hacer frente con la mayor urgencia, siendo prioritario <strong>mejorar el posicionamiento de las flores y plantas, como productos de primera necesidad en los centros de jardiner\u00eda y en todos los lineales de las cadenas de distribuci\u00f3n nacionale<\/strong><strong>s<\/strong>, as\u00ed como la promoci\u00f3n del consumo teniendo en cuenta los cambios que se est\u00e1n produciendo en los h\u00e1bitos del consumidor y la sustituci\u00f3n de los canales de distribuci\u00f3n tradicionales.<\/p>\n<p>La presencia de flores y plantas en los lineales de las cadenas de distribuci\u00f3n espa\u00f1olas es un objetivo prioritario para el sector espa\u00f1ol, as\u00ed como el de convencer a los responsables de compra de productos perecederos frescos que pueden ser unos de los productos que ofrece una mayor rentabilidad a las cadenas al igual que ocurre en el resto de los pa\u00edses europeos.<\/p>\n<p>El <strong>valor del comercio intracomunitario de flores y plantas ascendi\u00f3 en el a\u00f1o 2019 a m\u00e1s de 11.500 millones de euros<\/strong>, frente a los 17.500 millones de euros del comercio intracomunitario de hortalizas, lo que demuestra claramente la importancia que tiene el sector en pr\u00e1cticamente todos los pa\u00edses de Europa y en especial en las cadenas de distribuci\u00f3n.<\/p>\n<p>Seg\u00fan FEPEX, muchos responsables de cadenas espa\u00f1oles admiten que la incorporaci\u00f3n de flores y plantas aportar\u00eda valor y crecimiento a la secci\u00f3n de productos frescos pero les preocupa su desconocimiento del producto.<\/p>\n<p>La aparici\u00f3n de la pandemia del COVID-19 ha provocado que muchos consumidores hayan apreciado la existencia de flores y las plantas como productos que purifican y realizan una limpieza natural del aire en los espacios cerrados eliminando agentes t\u00f3xicos.<br \/>\nLas flores cortadas, las plantas ornamentales, las plantas arom\u00e1ticas, las plantas de flores comestibles, as\u00ed como las plantas para la creaci\u00f3n de un huerto urbano son claros ejemplos de categor\u00edas que han surgido ante el deseo creciente en los consumidores por tener lineales m\u00e1s naturales y saludables.<\/p>\n<p>Adem\u00e1s, los cambios en el modelo de familia, la alimentaci\u00f3n bio y ecol\u00f3gica, los productos frescos, las gamas premium, las mascotas, etc., ha exigido que las cadenas incorporen productos que cubran las nuevas necesidades que requieren los consumidores.<br \/>\nEn la actualidad m\u00e1s de la mitad de los hogares espa\u00f1oles son unipersonales o de familias sin hijos, con h\u00e1bitos tanto de compra como de consumo diferente a otros, en especial en productos de alimentaci\u00f3n y otros productos que se pueden considerar premium, que ofrecen un valor a\u00f1adido, pero sin un coste superior, como puede ser el caso de las flores y plantas y las mascotas.<\/p>\n<p>Desde FEPEX se considera que la incorporaci\u00f3n de estos productos a la oferta de todas las cadenas de distribuci\u00f3n convertir\u00e1 a Espa\u00f1a en los pr\u00f3ximos a\u00f1os en el pa\u00eds con mayor incremento del consumo de flores y plantas de toda Europa.<\/p>\n<\/div>\n<\/div>\n<\/div>\n<\/div>\n<\/div>\n<\/div>\n<\/section>","protected":false},"excerpt":{"rendered":"<p>La grave crisis sufrida por el sector productor de flores y plantas durante el estado de alarma ha puesto de manifiesto la confirmaci\u00f3n del canal de la gran distribuci\u00f3n en el mercado nacional, donde algunas cadenas han podido confirmar el inter\u00e9s de incluir las flores y plantas en su gama de productos de primera necesidad, [&hellip;]<\/p>","protected":false},"author":2,"featured_media":3347,"comment_status":"closed","ping_status":"closed","sticky":false,"template":"","format":"standard","meta":[],"categories":[87],"tags":[],"_links":{"self":[{"href":"https:\/\/hortisfera.es\/en\/wp-json\/wp\/v2\/posts\/3346"}],"collection":[{"href":"https:\/\/hortisfera.es\/en\/wp-json\/wp\/v2\/posts"}],"about":[{"href":"https:\/\/hortisfera.es\/en\/wp-json\/wp\/v2\/types\/post"}],"author":[{"embeddable":true,"href":"https:\/\/hortisfera.es\/en\/wp-json\/wp\/v2\/users\/2"}],"replies":[{"embeddable":true,"href":"https:\/\/hortisfera.es\/en\/wp-json\/wp\/v2\/comments?post=3346"}],"version-history":[{"count":1,"href":"https:\/\/hortisfera.es\/en\/wp-json\/wp\/v2\/posts\/3346\/revisions"}],"predecessor-version":[{"id":3348,"href":"https:\/\/hortisfera.es\/en\/wp-json\/wp\/v2\/posts\/3346\/revisions\/3348"}],"wp:featuredmedia":[{"embeddable":true,"href":"https:\/\/hortisfera.es\/en\/wp-json\/wp\/v2\/media\/3347"}],"wp:attachment":[{"href":"https:\/\/hortisfera.es\/en\/wp-json\/wp\/v2\/media?parent=3346"}],"wp:term":[{"taxonomy":"category","embeddable":true,"href":"https:\/\/hortisfera.es\/en\/wp-json\/wp\/v2\/categories?post=3346"},{"taxonomy":"post_tag","embeddable":true,"href":"https:\/\/hortisfera.es\/en\/wp-json\/wp\/v2\/tags?post=3346"}],"curies":[{"name":"wp","href":"https:\/\/api.w.org\/{rel}","templated":true}]}}